{"id":1340,"date":"2025-07-23T14:23:08","date_gmt":"2025-07-23T14:23:08","guid":{"rendered":"https:\/\/alianzajuridica.net\/en\/?p=1340"},"modified":"2025-07-23T14:55:05","modified_gmt":"2025-07-23T14:55:05","slug":"alianza-juridica-supports-language-learning-at-hablemos-kc","status":"publish","type":"post","link":"https:\/\/alianzajuridica.net\/en\/alianza-juridica-supports-language-learning-at-hablemos-kc\/","title":{"rendered":"Alianza Jur\u00eddica Supports Language Learning at Hablemos KC"},"content":{"rendered":"<p>The Alianza Jur\u00eddica team joined the fun at Hablemos KC, a special event hosted by the Hispanic Chamber of Commerce of Greater Kansas City. The night was all about community, culture, and speaking Spanish \u2014 and we were proud to be part of it!<\/p>\n<p>This bilingual event welcomes people of all levels from fluent speakers to beginners to practice Spanish, meet new people, and enjoy some bites and conversation.<\/p>\n<p>As part of our mission to support and empower our community, we attended to help others feel confident using Spanish. We had great conversations, shared tips, and encouraged everyone to keep learning.<\/p>\n<p>Thank you to the Hispanic Chamber for hosting such a fun and meaningful event. We\u2019re excited to keep supporting bilingual growth in Kansas City!<\/p>\n<p>\u00a1Nos vemos en el pr\u00f3ximo Hablemos KC!<\/p>\n","protected":false},"excerpt":{"rendered":"<p>The Alianza Jur\u00eddica team joined the fun at Hablemos KC, a special event hosted by the Hispanic Chamber of Commerce of Greater Kansas City. The night was all about community,&hellip;<a href=\"https:\/\/alianzajuridica.net\/en\/alianza-juridica-supports-language-learning-at-hablemos-kc\/\" class=\"aj-read\">see more<\/a><\/p>\n","protected":false},"author":7,"featured_media":1342,"comment_status":"open","ping_status":"open","sticky":false,"template":"","format":"standard","meta":{"_acf_changed":false,"_trash_the_other_posts":false,"editor_notices":[],"footnotes":""},"categories":[1],"tags":[],"class_list":["post-1340","post","type-post","status-publish","format-standard","has-post-thumbnail","hentry","category-uncategorized"],"acf":[],"yoast_head":"<!-- This site is optimized with the Yoast SEO plugin v27.5 - https:\/\/yoast.com\/product\/yoast-seo-wordpress\/ -->\n<title>Alianza Jur\u00eddica Supports Language Learning at Hablemos KC - Alianza Jur\u00eddica - EN<\/title>\n<meta name=\"robots\" content=\"index, follow, max-snippet:-1, max-image-preview:large, max-video-preview:-1\" \/>\n<link rel=\"canonical\" href=\"https:\/\/alianzajuridica.net\/en\/alianza-juridica-supports-language-learning-at-hablemos-kc\/\" \/>\n<meta property=\"og:locale\" content=\"en_US\" \/>\n<meta property=\"og:type\" content=\"article\" \/>\n<meta property=\"og:title\" content=\"Alianza Jur\u00eddica Supports Language Learning at Hablemos KC - Alianza Jur\u00eddica - EN\" \/>\n<meta property=\"og:description\" content=\"The Alianza Jur\u00eddica team joined the fun at Hablemos KC, a special event hosted by the Hispanic Chamber of Commerce of Greater Kansas City. The night was all about community,&hellip;see more\" \/>\n<meta property=\"og:url\" content=\"https:\/\/alianzajuridica.net\/en\/alianza-juridica-supports-language-learning-at-hablemos-kc\/\" \/>\n<meta property=\"og:site_name\" content=\"Alianza Jur\u00eddica - EN\" \/>\n<meta property=\"article:published_time\" content=\"2025-07-23T14:23:08+00:00\" \/>\n<meta property=\"article:modified_time\" content=\"2025-07-23T14:55:05+00:00\" \/>\n<meta property=\"og:image\" content=\"https:\/\/alianzajuridica.net\/en\/wp-content\/uploads\/sites\/2\/2025\/07\/hablemos-23-jul.jpg\" \/>\n\t<meta property=\"og:image:width\" content=\"1024\" \/>\n\t<meta property=\"og:image:height\" content=\"602\" \/>\n\t<meta property=\"og:image:type\" content=\"image\/jpeg\" \/>\n<meta name=\"author\" content=\"Alianza Jur\u00eddica\" \/>\n<meta name=\"twitter:card\" content=\"summary_large_image\" \/>\n<script type=\"application\/ld+json\" class=\"yoast-schema-graph\">{\"@context\":\"https:\\\/\\\/schema.org\",\"@graph\":[{\"@type\":\"Article\",\"@id\":\"https:\\\/\\\/alianzajuridica.net\\\/en\\\/alianza-juridica-supports-language-learning-at-hablemos-kc\\\/#article\",\"isPartOf\":{\"@id\":\"https:\\\/\\\/alianzajuridica.net\\\/en\\\/alianza-juridica-supports-language-learning-at-hablemos-kc\\\/\"},\"author\":{\"name\":\"Alianza Jur\u00eddica\",\"@id\":\"https:\\\/\\\/alianzajuridica.net\\\/en\\\/#\\\/schema\\\/person\\\/db4708633ea7df0228ffe128b166270e\"},\"headline\":\"Alianza Jur\u00eddica Supports Language Learning at Hablemos KC\",\"datePublished\":\"2025-07-23T14:23:08+00:00\",\"dateModified\":\"2025-07-23T14:55:05+00:00\",\"mainEntityOfPage\":{\"@id\":\"https:\\\/\\\/alianzajuridica.net\\\/en\\\/alianza-juridica-supports-language-learning-at-hablemos-kc\\\/\"},\"wordCount\":143,\"commentCount\":0,\"image\":{\"@id\":\"https:\\\/\\\/alianzajuridica.net\\\/en\\\/alianza-juridica-supports-language-learning-at-hablemos-kc\\\/#primaryimage\"},\"thumbnailUrl\":\"https:\\\/\\\/alianzajuridica.net\\\/en\\\/wp-content\\\/uploads\\\/sites\\\/2\\\/2025\\\/07\\\/hablemos-23-jul.jpg\",\"inLanguage\":\"en-US\",\"potentialAction\":[{\"@type\":\"CommentAction\",\"name\":\"Comment\",\"target\":[\"https:\\\/\\\/alianzajuridica.net\\\/en\\\/alianza-juridica-supports-language-learning-at-hablemos-kc\\\/#respond\"]}]},{\"@type\":\"WebPage\",\"@id\":\"https:\\\/\\\/alianzajuridica.net\\\/en\\\/alianza-juridica-supports-language-learning-at-hablemos-kc\\\/\",\"url\":\"https:\\\/\\\/alianzajuridica.net\\\/en\\\/alianza-juridica-supports-language-learning-at-hablemos-kc\\\/\",\"name\":\"Alianza Jur\u00eddica Supports Language Learning at Hablemos KC - Alianza Jur\u00eddica - EN\",\"isPartOf\":{\"@id\":\"https:\\\/\\\/alianzajuridica.net\\\/en\\\/#website\"},\"primaryImageOfPage\":{\"@id\":\"https:\\\/\\\/alianzajuridica.net\\\/en\\\/alianza-juridica-supports-language-learning-at-hablemos-kc\\\/#primaryimage\"},\"image\":{\"@id\":\"https:\\\/\\\/alianzajuridica.net\\\/en\\\/alianza-juridica-supports-language-learning-at-hablemos-kc\\\/#primaryimage\"},\"thumbnailUrl\":\"https:\\\/\\\/alianzajuridica.net\\\/en\\\/wp-content\\\/uploads\\\/sites\\\/2\\\/2025\\\/07\\\/hablemos-23-jul.jpg\",\"datePublished\":\"2025-07-23T14:23:08+00:00\",\"dateModified\":\"2025-07-23T14:55:05+00:00\",\"author\":{\"@id\":\"https:\\\/\\\/alianzajuridica.net\\\/en\\\/#\\\/schema\\\/person\\\/db4708633ea7df0228ffe128b166270e\"},\"breadcrumb\":{\"@id\":\"https:\\\/\\\/alianzajuridica.net\\\/en\\\/alianza-juridica-supports-language-learning-at-hablemos-kc\\\/#breadcrumb\"},\"inLanguage\":\"en-US\",\"potentialAction\":[{\"@type\":\"ReadAction\",\"target\":[\"https:\\\/\\\/alianzajuridica.net\\\/en\\\/alianza-juridica-supports-language-learning-at-hablemos-kc\\\/\"]}]},{\"@type\":\"ImageObject\",\"inLanguage\":\"en-US\",\"@id\":\"https:\\\/\\\/alianzajuridica.net\\\/en\\\/alianza-juridica-supports-language-learning-at-hablemos-kc\\\/#primaryimage\",\"url\":\"https:\\\/\\\/alianzajuridica.net\\\/en\\\/wp-content\\\/uploads\\\/sites\\\/2\\\/2025\\\/07\\\/hablemos-23-jul.jpg\",\"contentUrl\":\"https:\\\/\\\/alianzajuridica.net\\\/en\\\/wp-content\\\/uploads\\\/sites\\\/2\\\/2025\\\/07\\\/hablemos-23-jul.jpg\",\"width\":1024,\"height\":602},{\"@type\":\"BreadcrumbList\",\"@id\":\"https:\\\/\\\/alianzajuridica.net\\\/en\\\/alianza-juridica-supports-language-learning-at-hablemos-kc\\\/#breadcrumb\",\"itemListElement\":[{\"@type\":\"ListItem\",\"position\":1,\"name\":\"Home\",\"item\":\"https:\\\/\\\/alianzajuridica.net\\\/en\\\/\"},{\"@type\":\"ListItem\",\"position\":2,\"name\":\"Alianza Jur\u00eddica Supports Language Learning at Hablemos KC\"}]},{\"@type\":\"WebSite\",\"@id\":\"https:\\\/\\\/alianzajuridica.net\\\/en\\\/#website\",\"url\":\"https:\\\/\\\/alianzajuridica.net\\\/en\\\/\",\"name\":\"Alianza Jur\u00eddica - EN\",\"description\":\"\",\"potentialAction\":[{\"@type\":\"SearchAction\",\"target\":{\"@type\":\"EntryPoint\",\"urlTemplate\":\"https:\\\/\\\/alianzajuridica.net\\\/en\\\/?s={search_term_string}\"},\"query-input\":{\"@type\":\"PropertyValueSpecification\",\"valueRequired\":true,\"valueName\":\"search_term_string\"}}],\"inLanguage\":\"en-US\"},{\"@type\":\"Person\",\"@id\":\"https:\\\/\\\/alianzajuridica.net\\\/en\\\/#\\\/schema\\\/person\\\/db4708633ea7df0228ffe128b166270e\",\"name\":\"Alianza Jur\u00eddica\",\"image\":{\"@type\":\"ImageObject\",\"inLanguage\":\"en-US\",\"@id\":\"https:\\\/\\\/secure.gravatar.com\\\/avatar\\\/b3cc6a7052758e38441d0acdcc45f88e82a68c2120fe4a4da54cba5531629398?s=96&d=mm&r=g\",\"url\":\"https:\\\/\\\/secure.gravatar.com\\\/avatar\\\/b3cc6a7052758e38441d0acdcc45f88e82a68c2120fe4a4da54cba5531629398?s=96&d=mm&r=g\",\"contentUrl\":\"https:\\\/\\\/secure.gravatar.com\\\/avatar\\\/b3cc6a7052758e38441d0acdcc45f88e82a68c2120fe4a4da54cba5531629398?s=96&d=mm&r=g\",\"caption\":\"Alianza Jur\u00eddica\"},\"url\":\"https:\\\/\\\/alianzajuridica.net\\\/en\\\/author\\\/ajadmin\\\/\"}]}<\/script>\n<!-- \/ Yoast SEO plugin. -->","yoast_head_json":{"title":"Alianza Jur\u00eddica Supports Language Learning at Hablemos KC - Alianza Jur\u00eddica - EN","robots":{"index":"index","follow":"follow","max-snippet":"max-snippet:-1","max-image-preview":"max-image-preview:large","max-video-preview":"max-video-preview:-1"},"canonical":"https:\/\/alianzajuridica.net\/en\/alianza-juridica-supports-language-learning-at-hablemos-kc\/","og_locale":"en_US","og_type":"article","og_title":"Alianza Jur\u00eddica Supports Language Learning at Hablemos KC - Alianza Jur\u00eddica - EN","og_description":"The Alianza Jur\u00eddica team joined the fun at Hablemos KC, a special event hosted by the Hispanic Chamber of Commerce of Greater Kansas City. The night was all about community,&hellip;see more","og_url":"https:\/\/alianzajuridica.net\/en\/alianza-juridica-supports-language-learning-at-hablemos-kc\/","og_site_name":"Alianza Jur\u00eddica - EN","article_published_time":"2025-07-23T14:23:08+00:00","article_modified_time":"2025-07-23T14:55:05+00:00","og_image":[{"width":1024,"height":602,"url":"https:\/\/alianzajuridica.net\/en\/wp-content\/uploads\/sites\/2\/2025\/07\/hablemos-23-jul.jpg","type":"image\/jpeg"}],"author":"Alianza Jur\u00eddica","twitter_card":"summary_large_image","schema":{"@context":"https:\/\/schema.org","@graph":[{"@type":"Article","@id":"https:\/\/alianzajuridica.net\/en\/alianza-juridica-supports-language-learning-at-hablemos-kc\/#article","isPartOf":{"@id":"https:\/\/alianzajuridica.net\/en\/alianza-juridica-supports-language-learning-at-hablemos-kc\/"},"author":{"name":"Alianza Jur\u00eddica","@id":"https:\/\/alianzajuridica.net\/en\/#\/schema\/person\/db4708633ea7df0228ffe128b166270e"},"headline":"Alianza Jur\u00eddica Supports Language Learning at Hablemos KC","datePublished":"2025-07-23T14:23:08+00:00","dateModified":"2025-07-23T14:55:05+00:00","mainEntityOfPage":{"@id":"https:\/\/alianzajuridica.net\/en\/alianza-juridica-supports-language-learning-at-hablemos-kc\/"},"wordCount":143,"commentCount":0,"image":{"@id":"https:\/\/alianzajuridica.net\/en\/alianza-juridica-supports-language-learning-at-hablemos-kc\/#primaryimage"},"thumbnailUrl":"https:\/\/alianzajuridica.net\/en\/wp-content\/uploads\/sites\/2\/2025\/07\/hablemos-23-jul.jpg","inLanguage":"en-US","potentialAction":[{"@type":"CommentAction","name":"Comment","target":["https:\/\/alianzajuridica.net\/en\/alianza-juridica-supports-language-learning-at-hablemos-kc\/#respond"]}]},{"@type":"WebPage","@id":"https:\/\/alianzajuridica.net\/en\/alianza-juridica-supports-language-learning-at-hablemos-kc\/","url":"https:\/\/alianzajuridica.net\/en\/alianza-juridica-supports-language-learning-at-hablemos-kc\/","name":"Alianza Jur\u00eddica Supports Language Learning at Hablemos KC - Alianza Jur\u00eddica - EN","isPartOf":{"@id":"https:\/\/alianzajuridica.net\/en\/#website"},"primaryImageOfPage":{"@id":"https:\/\/alianzajuridica.net\/en\/alianza-juridica-supports-language-learning-at-hablemos-kc\/#primaryimage"},"image":{"@id":"https:\/\/alianzajuridica.net\/en\/alianza-juridica-supports-language-learning-at-hablemos-kc\/#primaryimage"},"thumbnailUrl":"https:\/\/alianzajuridica.net\/en\/wp-content\/uploads\/sites\/2\/2025\/07\/hablemos-23-jul.jpg","datePublished":"2025-07-23T14:23:08+00:00","dateModified":"2025-07-23T14:55:05+00:00","author":{"@id":"https:\/\/alianzajuridica.net\/en\/#\/schema\/person\/db4708633ea7df0228ffe128b166270e"},"breadcrumb":{"@id":"https:\/\/alianzajuridica.net\/en\/alianza-juridica-supports-language-learning-at-hablemos-kc\/#breadcrumb"},"inLanguage":"en-US","potentialAction":[{"@type":"ReadAction","target":["https:\/\/alianzajuridica.net\/en\/alianza-juridica-supports-language-learning-at-hablemos-kc\/"]}]},{"@type":"ImageObject","inLanguage":"en-US","@id":"https:\/\/alianzajuridica.net\/en\/alianza-juridica-supports-language-learning-at-hablemos-kc\/#primaryimage","url":"https:\/\/alianzajuridica.net\/en\/wp-content\/uploads\/sites\/2\/2025\/07\/hablemos-23-jul.jpg","contentUrl":"https:\/\/alianzajuridica.net\/en\/wp-content\/uploads\/sites\/2\/2025\/07\/hablemos-23-jul.jpg","width":1024,"height":602},{"@type":"BreadcrumbList","@id":"https:\/\/alianzajuridica.net\/en\/alianza-juridica-supports-language-learning-at-hablemos-kc\/#breadcrumb","itemListElement":[{"@type":"ListItem","position":1,"name":"Home","item":"https:\/\/alianzajuridica.net\/en\/"},{"@type":"ListItem","position":2,"name":"Alianza Jur\u00eddica Supports Language Learning at Hablemos KC"}]},{"@type":"WebSite","@id":"https:\/\/alianzajuridica.net\/en\/#website","url":"https:\/\/alianzajuridica.net\/en\/","name":"Alianza Jur\u00eddica - EN","description":"","potentialAction":[{"@type":"SearchAction","target":{"@type":"EntryPoint","urlTemplate":"https:\/\/alianzajuridica.net\/en\/?s={search_term_string}"},"query-input":{"@type":"PropertyValueSpecification","valueRequired":true,"valueName":"search_term_string"}}],"inLanguage":"en-US"},{"@type":"Person","@id":"https:\/\/alianzajuridica.net\/en\/#\/schema\/person\/db4708633ea7df0228ffe128b166270e","name":"Alianza Jur\u00eddica","image":{"@type":"ImageObject","inLanguage":"en-US","@id":"https:\/\/secure.gravatar.com\/avatar\/b3cc6a7052758e38441d0acdcc45f88e82a68c2120fe4a4da54cba5531629398?s=96&d=mm&r=g","url":"https:\/\/secure.gravatar.com\/avatar\/b3cc6a7052758e38441d0acdcc45f88e82a68c2120fe4a4da54cba5531629398?s=96&d=mm&r=g","contentUrl":"https:\/\/secure.gravatar.com\/avatar\/b3cc6a7052758e38441d0acdcc45f88e82a68c2120fe4a4da54cba5531629398?s=96&d=mm&r=g","caption":"Alianza Jur\u00eddica"},"url":"https:\/\/alianzajuridica.net\/en\/author\/ajadmin\/"}]}},"_links":{"self":[{"href":"https:\/\/alianzajuridica.net\/en\/wp-json\/wp\/v2\/posts\/1340","targetHints":{"allow":["GET"]}}],"collection":[{"href":"https:\/\/alianzajuridica.net\/en\/wp-json\/wp\/v2\/posts"}],"about":[{"href":"https:\/\/alianzajuridica.net\/en\/wp-json\/wp\/v2\/types\/post"}],"author":[{"embeddable":true,"href":"https:\/\/alianzajuridica.net\/en\/wp-json\/wp\/v2\/users\/7"}],"replies":[{"embeddable":true,"href":"https:\/\/alianzajuridica.net\/en\/wp-json\/wp\/v2\/comments?post=1340"}],"version-history":[{"count":1,"href":"https:\/\/alianzajuridica.net\/en\/wp-json\/wp\/v2\/posts\/1340\/revisions"}],"predecessor-version":[{"id":1341,"href":"https:\/\/alianzajuridica.net\/en\/wp-json\/wp\/v2\/posts\/1340\/revisions\/1341"}],"wp:featuredmedia":[{"embeddable":true,"href":"https:\/\/alianzajuridica.net\/en\/wp-json\/wp\/v2\/media\/1342"}],"wp:attachment":[{"href":"https:\/\/alianzajuridica.net\/en\/wp-json\/wp\/v2\/media?parent=1340"}],"wp:term":[{"taxonomy":"category","embeddable":true,"href":"https:\/\/alianzajuridica.net\/en\/wp-json\/wp\/v2\/categories?post=1340"},{"taxonomy":"post_tag","embeddable":true,"href":"https:\/\/alianzajuridica.net\/en\/wp-json\/wp\/v2\/tags?post=1340"}],"curies":[{"name":"wp","href":"https:\/\/api.w.org\/{rel}","templated":true}]}}